[{"@context":"https:\/\/schema.org\/","@type":"Article","@id":"https:\/\/www.alfasrot.cz\/prirozene-opaleni-ale-bez-slunicka\/#Article","mainEntityOfPage":"https:\/\/www.alfasrot.cz\/prirozene-opaleni-ale-bez-slunicka\/","headline":"P\u0159irozen\u00e9 op\u00e1len\u00ed, ale bez slun\u00ed\u010dka?","name":"P\u0159irozen\u00e9 op\u00e1len\u00ed, ale bez slun\u00ed\u010dka?","description":"Sn\u011bd\u00e9 t\u011blo se v posledn\u00edch letech stalo ide\u00e1lem \u017eensk\u00e9 kr\u00e1sy. Spousta \u017een je tak ochotn\u00e1 pro tento trend kr\u00e1sy ud\u011blat t\u00e9m\u011b\u0159 cokoliv. Jen\u017ee ne ka\u017ed\u00e1 [&hellip;]","datePublished":"2020-04-11","dateModified":"2024-01-04","author":{"@type":"Person","@id":"https:\/\/www.alfasrot.cz\/author\/#Person","name":"","url":"https:\/\/www.alfasrot.cz\/author\/","identifier":1,"image":{"@type":"ImageObject","@id":"https:\/\/secure.gravatar.com\/avatar\/430c037ced90dcf4c538a5d7a160d8585497a2f79eed537d1a43f74320df11c6?s=96&d=mm&r=g","url":"https:\/\/secure.gravatar.com\/avatar\/430c037ced90dcf4c538a5d7a160d8585497a2f79eed537d1a43f74320df11c6?s=96&d=mm&r=g","height":96,"width":96}},"publisher":{"@type":"Organization","name":"alfasrot.cz","logo":{"@type":"ImageObject","@id":"\/logo.png","url":"\/logo.png","width":600,"height":60}},"image":{"@type":"ImageObject","@id":"https:\/\/www.alfasrot.cz\/wp-content\/uploads\/opalov%C3%A1n%C3%AD%20na%20pl%C3%A1%C5%BEi.jpg","url":"https:\/\/www.alfasrot.cz\/wp-content\/uploads\/opalov%C3%A1n%C3%AD%20na%20pl%C3%A1%C5%BEi.jpg","height":0,"width":0},"url":"https:\/\/www.alfasrot.cz\/prirozene-opaleni-ale-bez-slunicka\/","about":["Nakupov\u00e1n\u00ed"],"wordCount":437,"articleBody":"           Sn\u011bd\u00e9 t\u011blo se v posledn\u00edch letech stalo ide\u00e1lem \u017eensk\u00e9 kr\u00e1sy. Spousta \u017een je tak ochotn\u00e1 pro tento trend kr\u00e1sy ud\u011blat t\u00e9m\u011b\u0159 cokoliv. Jen\u017ee ne ka\u017ed\u00e1 \u017eena si m\u016f\u017ee dovolit str\u00e1vit n\u011bkolik t\u00fddn\u016f na slun\u00ed\u010dku, tak aby takov\u00e9ho odst\u00ednu poko\u017eky dos\u00e1hla. A nav\u00edc nesm\u00edme opomenout fakt, \u017ee je spousta \u017een, kter\u00fdm jejich mno\u017estv\u00ed pigmentu ani nedovol\u00ed, aby se zbarvily do odst\u00ednu p\u0159ipom\u00ednaj\u00edc\u00ed \u010dokol\u00e1du. Jak si tedy takovou barvu zajistit?Kr\u00e1sn\u00e1 sn\u011bd\u00e1 barva je jak\u00fdmsi symbolem \u017eensk\u00e9 kr\u00e1sy a zdrav\u00ed, nav\u00edc p\u016fsob\u00ed daleko p\u0159ita\u017eliv\u011bji ne\u017e ple\u0165 b\u00edl\u00e1 jako st\u011bna. Jen\u017ee jak se v l\u00e9t\u011b op\u00e1lit, kdy\u017e tr\u00e1v\u00edme cel\u00e9 dny v pr\u00e1ci? Vyrazit n\u011bkam k mo\u0159i? Jen\u017ee co kdy\u017e n\u00edm to finan\u010dn\u00ed situace nedovoluje? Existuj\u00ed i jin\u00e9 zp\u016fsoby jak b\u00fdt kr\u00e1sn\u011b op\u00e1len\u00e1 klidn\u011b po cel\u00fd rok. I op\u00e1len\u00ed je pot\u0159eba d\u00e1vkovat postupn\u011bSol\u00e1rium je sice v mnoh\u00fdch ohledech m\u00e9n\u011b \u0161kodliv\u00e9 ne\u017e slune\u010dn\u00ed paprsky, ale i zde je pot\u0159eba db\u00e1t p\u0159i opalov\u00e1n\u00ed zv\u00fd\u0161en\u00e9 opatrnosti. Sol\u00e1rium brno nab\u00edz\u00ed profesion\u00e1ln\u00ed slu\u017eby a nejvy\u0161\u0161\u00ed komfort pro op\u00e1len\u00ed jako od slun\u00ed\u010dka.N\u00e1v\u0161t\u011bvy sol\u00e1ri\u00ed by v\u0161ak m\u011bly b\u00fdt do jist\u00e9 m\u00edry regulovan\u00e9, rozhodn\u011b ne \u010dast\u011bj\u0161\u00ed ne\u017e 2x t\u00fddn\u011b. Rozhoduj\u00edc\u00edm faktorem je i odst\u00edn a typ k\u016f\u017ee, citlivost nebo v\u00fdskyt mate\u0159sk\u00fdch znam\u00e9nek. Sol\u00e1ria vytv\u00e1\u0159ej\u00ed podobn\u00fdm zp\u016fsobem op\u00e1len\u00ed jako slunce, vlivem UV paprsk\u016f doch\u00e1z\u00ed ke zm\u011bn\u011b provitam\u00ednu na tolik zn\u00e1m\u00fd vitam\u00edn D, kter\u00fd ovliv\u0148uje stav k\u016f\u017ee, svalstva, ale i nap\u0159\u00edklad imunitn\u00edho syst\u00e9mu. Sol\u00e1ria a s nimi spojen\u00e9 kr\u00e1sn\u00e9 op\u00e1len\u00ed tedy maj\u00ed do jist\u00e9 m\u00edry pozitivn\u00ed vliv na n\u00e1\u0161 vzhled, psychiku atd. K tomu jist\u011b nen\u00ed co vytknout. Existuje tedy zp\u016fsob, jak doc\u00edlit p\u0159irozen\u00e9ho op\u00e1len\u00ed i bez \u0161kodliv\u00e9ho p\u016fsoben\u00ed UV z\u00e1\u0159en\u00ed?Op\u00e1len\u00ed v tub\u011bAno, \u0159e\u010d je o samoopalovac\u00edch kr\u00e9mech, kter\u00e9 za posledn\u00edch n\u011bkolik let dosp\u011bly do takov\u00e9 kvality, \u017ee bez obav nahrad\u00ed op\u00e1len\u00ed od slunce. Ty doby, kdy se k\u016f\u017ee do\u010dkala sp\u00ed\u0161e nevzhledn\u00fdch flek\u016f a oran\u017eov\u00e9ho n\u00e1dechu jsou u\u017e na\u0161t\u011bst\u00ed d\u00e1vno pry\u010d.                                                                                                                                                                                                                                                                                                                                                                                           4.1\/5 - (7 votes)        "},{"@context":"https:\/\/schema.org\/","@type":"BreadcrumbList","itemListElement":[{"@type":"ListItem","position":1,"name":"P\u0159irozen\u00e9 op\u00e1len\u00ed, ale bez slun\u00ed\u010dka?","item":"https:\/\/www.alfasrot.cz\/prirozene-opaleni-ale-bez-slunicka\/#breadcrumbitem"}]}]