[{"@context":"https:\/\/schema.org\/","@type":"Article","@id":"https:\/\/www.alfasrot.cz\/motorky-v-doprave\/#Article","mainEntityOfPage":"https:\/\/www.alfasrot.cz\/motorky-v-doprave\/","headline":"Motorky v doprav\u011b","name":"Motorky v doprav\u011b","description":"V\u00a0roce 2006 schv\u00e1lila EU legislativn\u00ed \u00fapravu, kter\u00e1 umo\u017enila na \u0159idi\u010dsk\u00e9 opr\u00e1vn\u011bn\u00ed skupiny B, \u0159\u00eddit motorku. P\u0159esn\u011bji se jedn\u00e1 o motorku vybavenou automatickou p\u0159evodovkou, u kter\u00e9 [&hellip;]","datePublished":"2023-12-29","dateModified":"2023-12-29","author":{"@type":"Person","@id":"https:\/\/www.alfasrot.cz\/author\/#Person","name":"","url":"https:\/\/www.alfasrot.cz\/author\/","identifier":1,"image":{"@type":"ImageObject","@id":"https:\/\/secure.gravatar.com\/avatar\/430c037ced90dcf4c538a5d7a160d8585497a2f79eed537d1a43f74320df11c6?s=96&d=mm&r=g","url":"https:\/\/secure.gravatar.com\/avatar\/430c037ced90dcf4c538a5d7a160d8585497a2f79eed537d1a43f74320df11c6?s=96&d=mm&r=g","height":96,"width":96}},"publisher":{"@type":"Organization","name":"alfasrot.cz","logo":{"@type":"ImageObject","@id":"\/logo.png","url":"\/logo.png","width":600,"height":60}},"image":{"@type":"ImageObject","@id":"https:\/\/www.alfasrot.cz\/wp-content\/uploads\/motorcycle-1434071_1280.jpg","url":"https:\/\/www.alfasrot.cz\/wp-content\/uploads\/motorcycle-1434071_1280.jpg","height":0,"width":0},"url":"https:\/\/www.alfasrot.cz\/motorky-v-doprave\/","about":["Moto"],"wordCount":682,"articleBody":"V\u00a0roce 2006 schv\u00e1lila EU legislativn\u00ed \u00fapravu, kter\u00e1 umo\u017enila na \u0159idi\u010dsk\u00e9 opr\u00e1vn\u011bn\u00ed skupiny B, \u0159\u00eddit motorku. P\u0159esn\u011bji se jedn\u00e1 o motorku vybavenou automatickou p\u0159evodovkou, u kter\u00e9 v\u00fdkon nep\u0159es\u00e1hne 11 kW. To u n\u00e1s v\u00a0nab\u00eddce prodejc\u016f p\u0159edstavuje typick\u00fd sk\u00fatr 125. R\u016fzn\u00fdch zna\u010dek a v\u00fdrobc\u016f. Vedle sk\u00fatru sice existuj\u00ed alternativy v\u00a0podob\u011b motorek, ale ty se u n\u00e1s neprod\u00e1vaj\u00ed a v\u00fdrobci je distribuuj\u00ed zejm\u00e9na do Asie.\u00a0V\u00a0minulosti byla u n\u00e1s v\u00a0prodeji alternativa, prakticky sk\u00fatr maskovan\u00fd jako motorka. Jednalo se o Gilera dna 125, kter\u00e1 ji\u017e se d\u00e1vno nevyr\u00e1b\u00ed a lze j\u00ed jen ob\u010das koupit jako bazarov\u00e9 zbo\u017e\u00ed. Proto vedle sk\u00fatr\u016f je aktu\u00e1ln\u011b jedinou alternativou mal\u00e1 motorka o maxim\u00e1ln\u00ed konstruk\u010dn\u00ed rychlosti 45 km\/h. Jedn\u00e1 se o pades\u00e1tky. Pro p\u0159\u00edklad SkyTEAM Skymax 125cc. V\u00a0poledn\u00edch letech vstupuj\u00ed do hry i elektromotorky a to mo\u017en\u00e1 op\u011bt zm\u011bn\u00ed pravidla hry.Jako u ka\u017ed\u00e9ho vozidla na elektrick\u00fd pohon je jednou z\u00a0limituj\u00edc\u00edch nev\u00fdhod p\u0159\u00edpadn\u00fd dojezd. Ten se neust\u00e1le zlep\u0161uje a roste kapacita baterie a t\u00edm i v\u00e1ha vozidla. To ov\u0161em komplikuje st\u00e1vaj\u00edc\u00ed legislativa, kter\u00e1 v\u00e1\u017ee na skupinu B i v\u00e1hov\u00fd limit. Jak u aut, tak u motorek. Proto EU vznikl n\u00e1vrh zvednout u osobn\u00edch vozidel v\u00e1hov\u00fd limit z\u00a03,5 t na 4,25 t. Podobn\u00e9 zm\u011bny se pl\u00e1nuj\u00ed i pro motorky v\u00a0souvislosti se skupinou B. Proto je mo\u017en\u00e9, \u017ee se v\u00a0budoucnu do\u010dkaj\u00ed majitel\u00e9 \u0159idi\u010dsk\u00e9ho opr\u00e1vn\u011bn\u00ed skupiny B, mo\u017enosti vyu\u017e\u00edt k\u00a0j\u00edzd\u011b siln\u011bj\u0161\u00ed a atraktivn\u011bj\u0161\u00ed motorku, ne\u017e je sk\u00fatr 125cc.Doba od schv\u00e1len\u00ed legislativn\u00ed \u00fapravy EU z\u00a0roku 2006, kter\u00e1 umo\u017enila vlastn\u00edk\u016fm skupiny B vyu\u017e\u00edvat motorku 125cc a uveden\u00ed do praxe v\u00a0jednotliv\u00fdch evropsk\u00fdch st\u00e1tech se li\u0161\u00ed. V\u00a0\u010cesk\u00e9 republice jsme p\u0159\u00edslu\u0161n\u00fd z\u00e1kon schv\u00e1lili v\u00a0roce 2013. Ka\u017ed\u00e1 zem\u011b kter\u00e1 si tuto legislativu schv\u00e1lila k\u00a0tomu m\u011bla r\u016fzn\u00e9 p\u0159ipom\u00ednky a \u00fapravy. U n\u00e1s se jedn\u00e1 o ji\u017e zm\u00edn\u011bn\u00fd vari\u00e1tor \u2013 automatickou spojku. Jinde m\u00edsto toho maj\u00ed podm\u00ednku zku\u0161ebn\u00edch j\u00edzd v\u00a0auto\u0161kole. Vzhledem k\u00a0odli\u0161nosti z\u00e1kon\u016f v\u00a0jednotliv\u00fdch st\u00e1tech EU nelze v\u00a0ka\u017ed\u00e9m jednotliv\u00e9m st\u00e1tu vyu\u017e\u00edt tuto mo\u017enost za stejn\u00fdch podm\u00ednek. Proto se m\u016f\u017ee st\u00e1t, \u017ee pokud \u0159idi\u010d vyu\u017e\u00edv\u00e1 na skupinu B sv\u00e9 jednostop\u00e9 vozidlo u n\u00e1s v\u00a0souladu s\u00a0legislativou, tak mu to za stejn\u00fdch podm\u00ednek nemus\u00ed b\u00fdt umo\u017en\u011bno v\u00a0sousedn\u00edch zem\u00ed, kter\u00e9 EU legislativu z\u00a0roku 2006 ratifikovaly a zpracovaly do sv\u00fdch z\u00e1kon\u016f.P\u0159i t\u00e9to nov\u00e9 \u00faprav\u011b by bylo vhodn\u00e9, kdyby se z\u00e1kony v\u00a0jednotliv\u00fdch zem\u00ed v\u00a0tomto v\u00edce sjednotili. Nap\u0159\u00edklad podm\u00ednkou zku\u0161ebn\u00edch j\u00edzd v\u00a0auto\u0161kole na jednostop\u00e9m vozidle v\u00a0r\u00e1mci skupiny B. Nepochybn\u011b by to vedlo k\u00a0v\u011bt\u0161\u00ed bezpe\u010dnosti na silnic\u00edch. To nejen ze strany motor\u00e1\u0159\u016f, ale i \u0159idi\u010d\u016f aut. N\u011bkte\u0159\u00ed \u0159idi\u010di v\u00a0autech \u010dast\u011bji p\u0159ehl\u00ed\u017eej\u00ed motor\u00e1\u0159e. Prost\u011b je nevn\u00edmaj\u00ed, nebo jen podce\u0148uj\u00ed. Pokud by z\u00edskali pohled i z\u00a0druh\u00e9 strany, tak by to nepochybn\u011b p\u0159isp\u011blo k\u00a0vy\u0161\u0161\u00ed bezpe\u010dnosti.\u00a0Jednostop\u00e1 vozidla maj\u00ed sv\u016fj smysl a to zejm\u00e9na ve m\u011bstech, kde b\u00fdv\u00e1 doprava \u010dasto ucpan\u00e1 kolony aut. Motorky jednozna\u010dn\u011b p\u0159isp\u00edvaj\u00ed k\u00a0zlep\u0161en\u00ed pr\u016fjezdnosti m\u011bstem. To nejen pro motor\u00e1\u0159e, ale i pro \u0159idi\u010de automobilu. Ka\u017ed\u00fd \u0159idi\u010d na motorce sni\u017euje hustotu dopravy u\u017e jen t\u00edm, \u017ee ne\u010dek\u00e1 v\u00a0aut\u011b za\u0159azen\u00fd v\u00a0kolon\u011b s\u00a0ostatn\u00edmi \u0159idi\u010d v\u00a0autech. Toho je si EU v\u011bdoma a proto p\u0159i\u0161la v\u00a0roce 2006 z\u00a0ji\u017e zm\u00edn\u011bnou legislativou.\u00a0                                                                                                                                                                                                                                                                                                                                                                                         3.7\/5 - (6 votes)        "},{"@context":"https:\/\/schema.org\/","@type":"BreadcrumbList","itemListElement":[{"@type":"ListItem","position":1,"name":"Motorky v doprav\u011b","item":"https:\/\/www.alfasrot.cz\/motorky-v-doprave\/#breadcrumbitem"}]}]