[{"@context":"https:\/\/schema.org\/","@type":"Article","@id":"https:\/\/www.alfasrot.cz\/ekologicke-tasky-jsou-vyrobene-z-papiru\/#Article","mainEntityOfPage":"https:\/\/www.alfasrot.cz\/ekologicke-tasky-jsou-vyrobene-z-papiru\/","headline":"Ekologick\u00e9 ta\u0161ky jsou vyroben\u00e9 z pap\u00edru","name":"Ekologick\u00e9 ta\u0161ky jsou vyroben\u00e9 z pap\u00edru","description":"Pamatujete je\u0161t\u011b dobu plastov\u00fdch jednor\u00e1zov\u00fdch ta\u0161ek, kter\u00e9 se v obchodn\u00edch domech d\u00e1valy z\u00e1kazn\u00edk\u016fm zdarma, aby si v nich mohli pohodln\u011b odn\u00e1\u0161et n\u00e1kup? Po\u010d\u00ednaje rokem 2026 [&hellip;]","datePublished":"2025-04-14","dateModified":"2025-04-14","author":{"@type":"Person","@id":"https:\/\/www.alfasrot.cz\/author\/#Person","name":"","url":"https:\/\/www.alfasrot.cz\/author\/","identifier":1,"image":{"@type":"ImageObject","@id":"https:\/\/secure.gravatar.com\/avatar\/430c037ced90dcf4c538a5d7a160d8585497a2f79eed537d1a43f74320df11c6?s=96&d=mm&r=g","url":"https:\/\/secure.gravatar.com\/avatar\/430c037ced90dcf4c538a5d7a160d8585497a2f79eed537d1a43f74320df11c6?s=96&d=mm&r=g","height":96,"width":96}},"publisher":{"@type":"Organization","name":"alfasrot.cz","logo":{"@type":"ImageObject","@id":"\/logo.png","url":"\/logo.png","width":600,"height":60}},"image":{"@type":"ImageObject","@id":"https:\/\/www.alfasrot.cz\/wp-content\/uploads\/luggage-bag-2147909_640.jpg","url":"https:\/\/www.alfasrot.cz\/wp-content\/uploads\/luggage-bag-2147909_640.jpg","height":0,"width":0},"url":"https:\/\/www.alfasrot.cz\/ekologicke-tasky-jsou-vyrobene-z-papiru\/","about":["Nakupov\u00e1n\u00ed"],"wordCount":413,"articleBody":"      Pamatujete je\u0161t\u011b dobu plastov\u00fdch jednor\u00e1zov\u00fdch ta\u0161ek, kter\u00e9 se v obchodn\u00edch domech d\u00e1valy z\u00e1kazn\u00edk\u016fm zdarma, aby si v nich mohli pohodln\u011b odn\u00e1\u0161et n\u00e1kup? Po\u010d\u00ednaje rokem 2026 se ji\u017e chyst\u00e1 tzv. plo\u0161n\u00fd z\u00e1kaz pou\u017e\u00edv\u00e1n\u00ed igelitov\u00fdch ta\u0161ek a tak se z\u00e1kazn\u00edci budou muset za\u0159\u00eddit jinak. Jde toti\u017e o to, \u017ee planeta je doslova zamo\u0159ena plastov\u00fdmi odpady a zejm\u00e9na nebezpe\u010dn\u00fdmi mikroplasty, kter\u00e9 mohou m\u00edt velmi nep\u0159\u00edzniv\u00fd dopad nejen na \u017eivotn\u00ed prost\u0159ed\u00ed, ale i na lidsk\u00e9 zdrav\u00ed. Mikroplasty se dost\u00e1vaj\u00ed do organismu vdechov\u00e1n\u00edm nebo vodou \u010di stravou a m\u00e1me je ulo\u017een\u00e9 ve vnit\u0159n\u00edch org\u00e1nech a dokonce i v mozku. Co tam mikroplasty \u010dasem provedou, o tom se zat\u00edm vedou debaty, ale rozhodn\u011b se nejedn\u00e1 o nic p\u0159irozen\u00e9ho, co by n\u00e1m nachystala p\u0159\u00edroda \u2013 toto jsme si nachystali sami.C\u00edlem je tedy sn\u00ed\u017eit mno\u017estv\u00ed plast\u016f v p\u0159\u00edrod\u011b a mohlo by se to da\u0159it pr\u00e1v\u011b skrze ekologick\u00e9 ta\u0161ky https:\/\/www.promodarky.cz\/kategorie\/ekologicke-reklamni-predmety\/ekologicke-nakupni-tasky\/, tedy ta\u0161ky vyroben\u00e9 z pap\u00edru. Pap\u00edr je nav\u00edc druhotnou surovinou, dob\u0159e recyklovatelnou, snadno se rozkl\u00e1d\u00e1 v p\u0159\u00edrod\u011b, \u017e\u00e1dn\u00e9 mikroplasty neprodukuje a je to z\u00e1rove\u0148 obnoviteln\u00fd zdroj, k jeho\u017e v\u00fdrob\u011b sta\u010d\u00ed d\u0159evit\u00fd odpad, nikoli ropa, pot\u0159ebn\u00e1 pro produkci plastick\u00fdch hmot.P\u0159\u00edkladem ekologick\u00e9ho po\u010d\u00edn\u00e1n\u00ed je internetov\u00fd obchod Rohl\u00edk, ten distribuuje objednan\u00e9 zbo\u017e\u00ed sv\u00fdm z\u00e1kazn\u00edk\u016fm v pap\u00edrov\u00fdch ekologick\u00fdch ta\u0161k\u00e1ch a nav\u00edc je dle z\u00e1jmu zp\u011btn\u011b odeb\u00edr\u00e1 a nech\u00e1v\u00e1 recyklovat \u010di ekologicky zlikvidovat. Je tedy v\u00edce ne\u017e rozumn\u00e9 j\u00edt v t\u011bchto \u0161l\u00e9p\u011bj\u00edch i v jin\u00fdch obchodech a kdekoli jinde, kde se st\u00e1le vyskytuj\u00ed igelitky. Konec igelitov\u00fdch ta\u0161ek bude ur\u010dit\u011b v\u00edtan\u00fd krokem pro ka\u017ed\u00e9ho, kdo m\u00e1 k ekologii rozumn\u00fd vztah, ov\u0161em najdou se i tac\u00ed, co se nebudou cht\u00edt s t\u00edmto krokem sm\u00ed\u0159it. Ve h\u0159e ale nen\u00ed jen pohodl\u00ed, n\u00fdbr\u017e stav \u017eivotn\u00edho prost\u0159ed\u00ed a zdravotn\u00ed dopady, a tak by se vyplatilo \u0161\u00ed\u0159it mezi lidmi osv\u011btu, aby si uv\u011bdomili, \u017ee odp\u016frci t\u011bchto opat\u0159en\u00ed si pod sebou \u0159e\u017eou v\u011btev, na kter\u00e9 sed\u00ed.                                                                                                                                                                                                                                                                                                                                                                                          3.9\/5 - (10 votes)        "},{"@context":"https:\/\/schema.org\/","@type":"BreadcrumbList","itemListElement":[{"@type":"ListItem","position":1,"name":"Ekologick\u00e9 ta\u0161ky jsou vyroben\u00e9 z pap\u00edru","item":"https:\/\/www.alfasrot.cz\/ekologicke-tasky-jsou-vyrobene-z-papiru\/#breadcrumbitem"}]}]