[{"@context":"https:\/\/schema.org\/","@type":"Article","@id":"https:\/\/www.alfasrot.cz\/dovolena-na-mallorce\/#Article","mainEntityOfPage":"https:\/\/www.alfasrot.cz\/dovolena-na-mallorce\/","headline":"Dovolen\u00e1 na Mallorce","name":"Dovolen\u00e1 na Mallorce","description":"I kdybyste nestihli dovolenou v letn\u00edch pr\u00e1zdninov\u00fdch m\u011bs\u00edc\u00edch, nezoufejte, Mallorca v\u00e1s p\u0159iv\u00edt\u00e1 s otev\u0159enou n\u00e1ru\u010d\u00ed v jak\u00e9mkoliv jin\u00e9m m\u011bs\u00edci. A proto\u017ee je tam po\u010das\u00ed celoro\u010dn\u011b [&hellip;]","datePublished":"2017-09-13","dateModified":"2023-05-15","author":{"@type":"Person","@id":"https:\/\/www.alfasrot.cz\/author\/#Person","name":"","url":"https:\/\/www.alfasrot.cz\/author\/","identifier":1,"image":{"@type":"ImageObject","@id":"https:\/\/secure.gravatar.com\/avatar\/430c037ced90dcf4c538a5d7a160d8585497a2f79eed537d1a43f74320df11c6?s=96&d=mm&r=g","url":"https:\/\/secure.gravatar.com\/avatar\/430c037ced90dcf4c538a5d7a160d8585497a2f79eed537d1a43f74320df11c6?s=96&d=mm&r=g","height":96,"width":96}},"publisher":{"@type":"Organization","name":"alfasrot.cz","logo":{"@type":"ImageObject","@id":"\/logo.png","url":"\/logo.png","width":600,"height":60}},"image":{"@type":"ImageObject","@id":"https:\/\/www.alfasrot.cz\/wp-content\/uploads\/img_a300500_w2393_t1510607949.jpg","url":"https:\/\/www.alfasrot.cz\/wp-content\/uploads\/img_a300500_w2393_t1510607949.jpg","height":0,"width":0},"url":"https:\/\/www.alfasrot.cz\/dovolena-na-mallorce\/","about":["Cestov\u00e1n\u00ed"],"wordCount":478,"articleBody":"I kdybyste nestihli dovolenou v letn\u00edch pr\u00e1zdninov\u00fdch m\u011bs\u00edc\u00edch, nezoufejte, Mallorca v\u00e1s p\u0159iv\u00edt\u00e1 s otev\u0159enou n\u00e1ru\u010d\u00ed v jak\u00e9mkoliv jin\u00e9m m\u011bs\u00edci. A proto\u017ee je tam po\u010das\u00ed celoro\u010dn\u011b p\u0159ekr\u00e1sn\u00e9, m\u016f\u017eete vyrazit i v zim\u011b.&#13; Ostrov\u016f kolem \u0160pan\u011blska je nespo\u010det, ov\u0161em Mallorca je nejv\u011bt\u0161\u00edm z nich, jeho rozloha je neuv\u011b\u0159iteln\u00fdch 3 648 kilometr\u016f \u010dtvere\u010dn\u00edch. Na d\u00e9lku s\u010d\u00edt\u00e1 na 110 kilometr\u016f, a \u0161irok\u00fd je 60 a\u017e 90 kilometr\u016f. Le\u017e\u00ed v z\u00e1padn\u00ed \u010d\u00e1sti St\u0159edozemn\u00edho mo\u0159e a je jeho pravou chloubou.&#13; &#13; Hlavn\u00edm, a z\u00e1rove\u0148 nejv\u011bt\u0161\u00edm m\u011bstem na Mallorce je Palma de Mallorca. A proto\u017ee Mallorcu v minulosti ob\u00fdvali \u0158\u00edman\u00e9 a Maurov\u00e9, dochovalo se zde mnoho stavebn\u00edch pam\u00e1tek, kter\u00e9 p\u0159ipom\u00ednaj\u00ed p\u016fsoben\u00ed t\u011bchto r\u016fzn\u00fdch kultur. Jedn\u00edm z nich je gotick\u00e1 katedr\u00e1la Le Seu (katedr\u00e1la Sv\u011btla), kter\u00e1 je dominantou hlavn\u00edho m\u011bsta. Nezapome\u0148te ji nav\u0161t\u00edvit, ale p\u0159ipravte se na to, \u017ee v\u00e1m souhra barev uvnit\u0159 stavby vezme dech. Odtud se jd\u011bte proj\u00edt na n\u00e1m\u011bst\u00ed Plaza Mayor, co\u017e je centrem ve\u0161ker\u00e9ho d\u011bn\u00ed m\u011bsta. Nejen \u017ee se tu po\u0159\u00e1daj\u00ed trhy, kde si budete moci vyb\u00edrat ze z\u00e1plavy tradi\u010dn\u00edch pochutin, nav\u00edc si zde m\u016f\u017eete vybrat skv\u011bl\u00e9 m\u00edsto na posezen\u00ed u v\u00fdte\u010dn\u00e9 k\u00e1vy.&#13; &#13; Turistick\u00e1 letoviska jsou po cel\u00e9 Mallorce vybudov\u00e1na velice modern\u011b. Kr\u00e1sn\u00e9 hotely se py\u0161n\u00ed p\u0159ekr\u00e1sn\u00fdm komfortn\u00edm vybaven\u00edm a p\u0159\u00edjemnou atmosf\u00e9rou, co\u017e je velk\u00fdm l\u00e1kadlem i pro n\u00e1ro\u010dn\u00e9 turisty. Tak\u00e9 rodiny s d\u011btmi si p\u0159ijdou na sv\u00e9, nebo\u0165 hotely nab\u00edzej\u00ed r\u016fzn\u00e9 slu\u017eby v podob\u011b d\u011btsk\u00fdch klub\u016f, ve kter\u00fdch si d\u011bti vyhraj\u00ed a za\u017eij\u00ed plno legrace.&#13; Pl\u00e1\u017ee osln\u00ed opravdu ka\u017ed\u00e9ho. Jemn\u00fd b\u00edl\u00fd p\u00edsek a pozvoln\u00fd vstup do azurov\u00e9ho mo\u0159e l\u00e1k\u00e1 k osv\u011b\u017euj\u00edc\u00edmu koup\u00e1n\u00ed v tepl\u00e9 vod\u011b s jemn\u00fdmi vlnami.&#13; Mallorca je jako celek p\u0159ekr\u00e1sn\u00e1 cel\u00e1, proto je \u010dast\u00fdm c\u00edlem turist\u016f, ka\u017edoro\u010dn\u011b Mallorcu nav\u0161t\u00edv\u00ed a\u017e na 12 milionu lid\u00ed. Nejen cestovn\u00ed ruch je v\u0161ak hlavn\u00edm zdrojem m\u00edstn\u00edch obyvatel. Ti se toti\u017e tak\u00e9 zab\u00fdvaj\u00ed zem\u011bd\u011blstv\u00edm a p\u011bstov\u00e1n\u00edm v\u00edna, ze kter\u00e9ho dovedou vyrobit lahodn\u00fd mok.&#13; &#13; Vyrazte na Mallorcu, nebudete litovat. Za\u017eijete nev\u0161edn\u00ed dny s nev\u0161edn\u00edmi z\u00e1\u017eitky, p\u0159i nich\u017e zapomenete na starosti v\u0161edn\u00edch dn\u00ed. Za\u017eijete zde legraci, adrenalin a skv\u011blou z\u00e1bavu. Mallorca je tou nejlep\u0161\u00ed volbou pro va\u0161i dovolenou.&#13;                                                                                                                                                                                                                                                                                                                                                                                         3.3\/5 - (9 votes)        "},{"@context":"https:\/\/schema.org\/","@type":"BreadcrumbList","itemListElement":[{"@type":"ListItem","position":1,"name":"Dovolen\u00e1 na Mallorce","item":"https:\/\/www.alfasrot.cz\/dovolena-na-mallorce\/#breadcrumbitem"}]}]