[{"@context":"https:\/\/schema.org\/","@type":"Article","@id":"https:\/\/www.alfasrot.cz\/darky-od-selvintech-s-r-o\/#Article","mainEntityOfPage":"https:\/\/www.alfasrot.cz\/darky-od-selvintech-s-r-o\/","headline":"D\u00e1rky od Selvintech s.r.o.","name":"D\u00e1rky od Selvintech s.r.o.","description":"Bl\u00ed\u017e\u00ed se V\u00e1noce \u010di narozeniny nebo sv\u00e1tek n\u011bkoho z Va\u0161ich bl\u00edzk\u00fdch a Vy op\u011bt nev\u00edte, co byste mohli koupit za d\u00e1rek? Na\u0161e spole\u010dnost, kter\u00e1 vlastnoru\u010dn\u011b [&hellip;]","datePublished":"2023-12-07","dateModified":"2023-12-07","author":{"@type":"Person","@id":"https:\/\/www.alfasrot.cz\/author\/#Person","name":"","url":"https:\/\/www.alfasrot.cz\/author\/","identifier":1,"image":{"@type":"ImageObject","@id":"https:\/\/secure.gravatar.com\/avatar\/430c037ced90dcf4c538a5d7a160d8585497a2f79eed537d1a43f74320df11c6?s=96&d=mm&r=g","url":"https:\/\/secure.gravatar.com\/avatar\/430c037ced90dcf4c538a5d7a160d8585497a2f79eed537d1a43f74320df11c6?s=96&d=mm&r=g","height":96,"width":96}},"publisher":{"@type":"Organization","name":"alfasrot.cz","logo":{"@type":"ImageObject","@id":"\/logo.png","url":"\/logo.png","width":600,"height":60}},"url":"https:\/\/www.alfasrot.cz\/darky-od-selvintech-s-r-o\/","wordCount":223,"articleBody":"Bl\u00ed\u017e\u00ed se V\u00e1noce \u010di narozeniny nebo sv\u00e1tek n\u011bkoho z Va\u0161ich bl\u00edzk\u00fdch a Vy op\u011bt nev\u00edte, co byste mohli koupit za d\u00e1rek? Na\u0161e spole\u010dnost, kter\u00e1 vlastnoru\u010dn\u011b vyr\u00e1b\u00ed dekora\u010dn\u00ed p\u0159edm\u011bty, si pro V\u00e1s p\u0159ipravila \u0161irokou nab\u00eddku na\u0161ich produkt\u016f, proto nev\u00e1hejte a pod\u00edvejte se na v\u0161echny na\u0161e v\u00fdrobky, kter\u00e9 V\u00e1m nab\u00edz\u00edme za velice p\u0159\u00edznivou cenu. Mnoho lid\u00ed m\u00e1 ve velk\u00e9 oblib\u011b tyto dekora\u010dn\u00ed p\u0159edm\u011bty, proto pokud v\u00edte o n\u011bkom z Va\u0161ich bl\u00edzk\u00fdch, \u017ee tyto p\u0159edm\u011bty tak\u00e9 miluje a vystavuje si je doma, kde se d\u00e1, potom se na n\u00e1s ur\u010dit\u011b obra\u0165te a my V\u00e1m pom\u016f\u017eeme vybrat ten nejorigin\u00e1ln\u011bj\u0161\u00ed d\u00e1rek, kter\u00fd jist\u011b V\u00e1mi obdarovan\u00fd je\u0161t\u011b nikdy nedostal.\tKvalitn\u00ed p\u0159edm\u011btyV\u0161echny ozdobn\u00e9 a dekora\u010dn\u00ed p\u0159edm\u011bty, kter\u00e9 vyr\u00e1b\u00ed na\u0161e spole\u010dnost Selvintech s.r.o., jsou zhotovov\u00e1ny z t\u011bch nejkvalitn\u011bj\u0161\u00edch materi\u00e1l\u016f, proto se m\u016f\u017eete za jak\u00e9koliv situace spolehnout na to, \u017ee V\u00e1m tyto p\u0159edm\u011bty vydr\u017e\u00ed a Vy se z jejich origin\u00e1ln\u00edho vzhledu budete moc radovat opravdu hodn\u011b dlouho.                                                                                                                                                                                                                                                                                                                                                                                        3.5\/5 - (8 votes)        "},{"@context":"https:\/\/schema.org\/","@type":"BreadcrumbList","itemListElement":[{"@type":"ListItem","position":1,"name":"D\u00e1rky od Selvintech s.r.o.","item":"https:\/\/www.alfasrot.cz\/darky-od-selvintech-s-r-o\/#breadcrumbitem"}]}]